{"id":10197,"date":"2018-04-03T19:25:34","date_gmt":"2018-04-03T22:25:34","guid":{"rendered":"https:\/\/www.kaspersky.com.br\/blog\/?p=10197"},"modified":"2019-11-22T07:21:13","modified_gmt":"2019-11-22T10:21:13","slug":"delete-facebook","status":"publish","type":"post","link":"https:\/\/www.kaspersky.com.br\/blog\/delete-facebook\/10197\/","title":{"rendered":"Por que \u00e9 tarde demais para o #DeleteFacebook"},"content":{"rendered":"<p>O Facebook foi atingido recentemente por um grande esc\u00e2ndalo. De acordo com <a href=\"http:\/\/www.gazetadopovo.com.br\/ideias\/como-a-cambridge-analytica-usou-as-curtidas-no-facebook-para-conhecer-a-mente-dos-eleitores-4mge5g7r6gxz36l66e49cviqi\" target=\"_blank\" rel=\"noopener nofollow\">reportagens<\/a>, dados sobre as \u201ccurtidas\u201d de 50 milh\u00f5es de usu\u00e1rios foram coletados pela Cambridge Analytica e usados para campanhas pol\u00edticas direcionadas. O comportamento da empresa colocou lenha na fogueira da indigna\u00e7\u00e3o p\u00fablica.<\/p>\n<p>Como resultado, o capital da empresa caiu dezenas de bilh\u00f5es de d\u00f3lares (est\u00e1 U$35 bilh\u00f5es abaixo esta semana), e uma s\u00e9rie de ativistas do Twitter lan\u00e7aram a campanha #DeleteFacebook. Na nossa opini\u00e3o, primeiramente, destacamos que a a\u00e7\u00e3o chega um pouco atrasada \u2013 o mal j\u00e1 est\u00e1 feito \u2013 e segundo, o incidente ressalta mais uma vez a depend\u00eancia e vulnerabilidade das pessoas \u00e0s tecnologias.<\/p>\n<h3>Apenas mais um na multid\u00e3o<\/h3>\n<p>Vamos tratar da cronologia primeiro. Come\u00e7ou em 2014 com um <a href=\"http:\/\/www.pnas.org\/content\/early\/2015\/01\/07\/1418680112\" target=\"_blank\" rel=\"noopener nofollow\">estudo<\/a> feito por Wu Youyou e Michal Kosinski, das universidades de Cambridge e Stanford, respectivamente, junto com um coautor da Universidade de Stanford.<\/p>\n<p>Como parte da pesquisa, foi solicitado que os participantes criassem um retrato de personalidade baseado no modelo OCEAN (<em>Openness, Conscientiousness, Extravertism, Agreeableness, Neuroticism<\/em>), envolvendo o download do aplicativo MyPersonality para o Facebook, que analisava suas curtidas. Aproximadamente 86 mil pessoas responderam e a principal conclus\u00e3o dos autores foi que a rede sabe muito mais sobre as pessoas do que elas mesmas. Com certeza, Sherlock.<\/p>\n<p>Os resultados chamaram a aten\u00e7\u00e3o de outro professor da Universidade de Cambridge,\u00a0<a href=\"https:\/\/www.technologyreview.com\/the-download\/610567\/facebook-suspends-the-trump-campaigns-data-mining-firm-amid-revelations-of-a\/\" target=\"_blank\" rel=\"noopener nofollow\">Alexander Kogan<\/a>. Dizem que pediu para ver os dados iniciais, mas teve o pedido negado. N\u00e3o se sabe o porqu\u00ea \u2013 \u00e9tica profissional, poss\u00edveis problemas legais com o Facebook (ainda que oficialmente nenhuma regra teria sido quebrada naquele momento) ou rivalidade acad\u00eamica. Seja qual for o caso, logo em seguida, Kogan decidiu conduzir seu pr\u00f3prio estudo.<\/p>\n<p>Enquanto isso, o Facebook apertou suas configura\u00e7\u00f5es de privacidade, tornando as curtidas inacess\u00edveis para aplicativos de terceiros, por padr\u00e3o. Mas ent\u00e3o o crowdsourcing o salvou \u2013 na forma do Amazon Mechanical Turk, onde o app <em>Thisisyourdigitallife<\/em> foi hospedado. Os usu\u00e1rios foram informados que o aplicativo havia sido criado para a condu\u00e7\u00e3o de um estudo psicol\u00f3gico e Kogan foi nomeado como pesquisador respons\u00e1vel.<\/p>\n<p>O objetivo da pesquisa era: estudar as curtidas de tantos usu\u00e1rios do Facebook quanto poss\u00edvel e construir perfis sociopsicol\u00f3gicos baseados nessa informa\u00e7\u00e3o. Os participantes, cerca de 270 mil, ganharam um d\u00f3lar cada.<\/p>\n<p>N\u00e3o havia nada de criminoso no estudo em si \u2013 exceto talvez a etiqueta de pre\u00e7o (U$ 270 mil \u00e9 uma despesa consider\u00e1vel para um estudo psicol\u00f3gico e \u00e9 dif\u00edcil acreditar que o professor de Cambridge tenha pago sozinho).<\/p>\n<p>Esses dados s\u00e3o uma mina de ouro para os cientistas de mercado \u2013 e n\u00e3o s\u00f3 para aqueles que trabalham para empresas comerciais, mas tamb\u00e9m dos partidos pol\u00edticos. A ideia de que figuras pol\u00edticas s\u00e3o comercializ\u00e1veis como bens de consumo para as massas (com base nas prefer\u00eancias de um p\u00fablico-alvo) existe desde que Stanley Milgram come\u00e7ou a conduzir seus famosos experimentos sociopsicol\u00f3gicos.<\/p>\n<p><strong><a href=\"https:\/\/www.kaspersky.com.br\/blog\/facebook-privacy-settings\/6818\/\" target=\"_blank\" rel=\"noopener\">Saiba como proteger sua privacidade no Facebook<\/a><\/strong><\/p>\n<p>Milgram \u00e9 lembrado hoje por, dentre outras coisas, suas revela\u00e7\u00f5es sobre a interconectividade dos norte-americanos. Afinal, seus estudos possibilitaram o entendimento que o desenvolvimento da tecnologia nos aproximaria mais do que nunca. Mas nem mesmo ele poderia imaginar que, obtendo dados de centenas de milhares de pessoas, patrocinadores de pesquisa seriam capazes de multiplicar ainda mais (de acordo com as \u00faltimas acusa\u00e7\u00f5es contra a Cambrigde Analytica), se comparados a quantidade original de entrevistados.<\/p>\n<p>Isso porque ao compartilhar informa\u00e7\u00f5es sobre suas curtidas, os participantes da pesquisa entregaram simultaneamente as curtidas dos seus amigos do Facebook, aumentando esse n\u00famero para mais de 50 milh\u00f5es.<\/p>\n<h3>Como a Cambridge Analytica conseguiu 50 milh\u00f5es de perfis?<\/h3>\n<p>Como as cobaias de Kogan se tornaram propriedade de uma empresa em Cambridge \u00e9 outra hist\u00f3ria nebulosa. A Cambridge Analytica \u00e9 subsidi\u00e1ria de uma empresa de comunica\u00e7\u00f5es, a SCL <em>(Strategic Communications Laboratories)<\/em>, especializada em processamento de dados.<\/p>\n<p>Os detalhes variam de acordo com a fonte: alguns dizem que Kogan era um cofundador da SCL, outros que foi apenas um operador de pesquisa contratado pela corpora\u00e7\u00e3o. Empresas comerciais terceirizam pesquisas sociol\u00f3gicas e psicol\u00f3gicas para universidades \u2013 \u00e9 uma pr\u00e1tica comum. No entanto, nesses casos, as institui\u00e7\u00f5es de ensino (quase) nunca entregam os dados pessoais dos participantes para os patrocinadores do estudo \u2013 apenas estat\u00edsticas num\u00e9ricas.<\/p>\n<p>De acordo com a vers\u00e3o do Facebook sobre os acontecimentos, assim que a empresa soube, em 2015, que a SCL\/Cambridge Analytica estava na posse de dados de usu\u00e1rios, o gigante das m\u00eddias sociais imediatamente exigiu que fossem deletados. Mas a <a href=\"https:\/\/newsroom.fb.com\/news\/2018\/03\/suspending-cambridge-analytica\/\" target=\"_blank\" rel=\"noopener nofollow\">resposta<\/a> recebebida n\u00e3o conseguiu convencer os descrentes; da\u00ed a campanha <a href=\"https:\/\/twitter.com\/hashtag\/DeleteFacebook?src=hash\" target=\"_blank\" rel=\"noopener nofollow\">bola de neve #DeleteFacebook<\/a>.<\/p>\n<p>A hist\u00f3ria tem muitos lados, \u00e9 preciso dizer. Para come\u00e7ar, tem um cheiro forte de rivalidade acad\u00eamica \u2013 o desejo dos pesquisadores de se superarem em termos de tamanho de amostra. Ent\u00e3o, h\u00e1 a probabilidade de que o termo de consentimento do usu\u00e1rio com os participantes tenha sido violado \u2013 eles provavelmente (e seus amigos do Facebook com certeza) n\u00e3o foram informados que seus dados seriam entregues a terceiros. Por \u00faltimo, est\u00e3o as a\u00e7\u00f5es duvidosas do pr\u00f3prio Facebook.<\/p>\n<h3>\u00a0O que os usu\u00e1rios do Facebook t\u00eam a ver com tudo isso?<\/h3>\n<p>Para n\u00f3s, usu\u00e1rios, \u00e9 mais um alerta. Quantos outros incidentes ser\u00e3o necess\u00e1rios para que as pessoas finalmente despertem e entendam que a sua presen\u00e7a nas redes sociais afetam n\u00e3o somente elas, como tamb\u00e9m aqueles com quem elas interagem? Quando aplicativos como o <a href=\"https:\/\/www.kaspersky.com\/blog\/getcontact-collects-personal-data\/21453\/\" target=\"_blank\" rel=\"noopener nofollow\">GetContact<\/a>, MyPersonality e Thisisyourdigitallife estiverem fazendo a ronda, pense duas vezes antes de clicar.<\/p>\n<p>Contudo, o g\u00eanio das m\u00eddias sociais est\u00e1 fora da l\u00e2mpada e n\u00e3o h\u00e1 como coloc\u00e1-lo de volta. Pedir que as pessoas se deletem das m\u00eddias sociais \u00e9 t\u00e3o atrasado quanto anunciar o t\u00e9rmino de um contrato com uma empresa de an\u00e1lise dois anos inteiros depois que tudo que poderia ter acontecido, j\u00e1 aconteceu.<\/p>\n<p>De acordo com <a href=\"https:\/\/www.kaspersky.com\/blog\/getcontact-collects-personal-data\/21453\/\" target=\"_blank\" rel=\"noopener nofollow\">nossos dados<\/a>, 78% dos usu\u00e1rios gostariam muito de se livrar do h\u00e1bito das m\u00eddias sociais, mas sentem que n\u00e3o conseguem. Para 62%, \u00e9 uma ferramenta muito conveniente para manter contato com amigos e fam\u00edlia. E mais, muitos n\u00e3o fazem ideia de quanta informa\u00e7\u00e3o (v\u00eddeos, fotos, mensagens) publicaram por a\u00ed nas m\u00eddias sociais, incluindo, \u00e9 claro, no Facebook. Mas voc\u00ea pode <a href=\"https:\/\/ffforget.me\/en\" target=\"_blank\" rel=\"noopener nofollow\">descobrir<\/a> e tomar uma decis\u00e3o consciente. Ap\u00f3s essa an\u00e1lise, estar\u00e1 um passo mais perto da seguran\u00e7a online!<\/p>\n","protected":false},"excerpt":{"rendered":"<p>Aqueles 50 milh\u00f5es de perfis do Facebook j\u00e1 haviam sido coletados, e voc\u00ea n\u00e3o pode fazer nada a respeito.<\/p>\n","protected":false},"author":2279,"featured_media":6615,"comment_status":"closed","ping_status":"open","sticky":false,"template":"","format":"standard","meta":{"_acf_changed":false,"footnotes":""},"categories":[14,1028],"tags":[630,1464,1466,1465,31,344,53,907],"class_list":{"0":"post-10197","1":"post","2":"type-post","3":"status-publish","4":"format-standard","5":"has-post-thumbnail","7":"category-news","8":"category-privacy","9":"tag-big-data","10":"tag-cambridge-analytica","11":"tag-coleta-de-dados","12":"tag-deletefacebook","13":"tag-facebook","14":"tag-midias-sociais","15":"tag-privacidade","16":"tag-social-media"},"hreflang":[{"hreflang":"pt-br","url":"https:\/\/www.kaspersky.com.br\/blog\/delete-facebook\/10197\/"},{"hreflang":"en-ae","url":"https:\/\/me-en.kaspersky.com\/blog\/delete-facebook\/10769\/"},{"hreflang":"en-us","url":"https:\/\/usa.kaspersky.com\/blog\/delete-facebook\/15036\/"},{"hreflang":"es-mx","url":"https:\/\/latam.kaspersky.com\/blog\/delete-facebook\/12687\/"},{"hreflang":"es","url":"https:\/\/www.kaspersky.es\/blog\/delete-facebook\/15596\/"},{"hreflang":"it","url":"https:\/\/www.kaspersky.it\/blog\/delete-facebook\/15217\/"},{"hreflang":"ru","url":"https:\/\/www.kaspersky.ru\/blog\/delete-facebook\/19988\/"},{"hreflang":"tr","url":"https:\/\/www.kaspersky.com.tr\/blog\/delete-facebook\/4813\/"},{"hreflang":"x-default","url":"https:\/\/www.kaspersky.com\/blog\/delete-facebook\/21772\/"},{"hreflang":"fr","url":"https:\/\/www.kaspersky.fr\/blog\/delete-facebook\/10145\/"},{"hreflang":"pl","url":"https:\/\/plblog.kaspersky.com\/delete-facebook\/9110\/"},{"hreflang":"de","url":"https:\/\/www.kaspersky.de\/blog\/delete-facebook\/16169\/"},{"hreflang":"ja","url":"https:\/\/blog.kaspersky.co.jp\/delete-facebook\/19911\/"},{"hreflang":"en-au","url":"https:\/\/www.kaspersky.com.au\/blog\/delete-facebook\/19925\/"},{"hreflang":"en-za","url":"https:\/\/www.kaspersky.co.za\/blog\/delete-facebook\/19955\/"}],"acf":[],"banners":"","maintag":{"url":"https:\/\/www.kaspersky.com.br\/blog\/tag\/privacidade\/","name":"privacidade"},"_links":{"self":[{"href":"https:\/\/www.kaspersky.com.br\/blog\/wp-json\/wp\/v2\/posts\/10197","targetHints":{"allow":["GET"]}}],"collection":[{"href":"https:\/\/www.kaspersky.com.br\/blog\/wp-json\/wp\/v2\/posts"}],"about":[{"href":"https:\/\/www.kaspersky.com.br\/blog\/wp-json\/wp\/v2\/types\/post"}],"author":[{"embeddable":true,"href":"https:\/\/www.kaspersky.com.br\/blog\/wp-json\/wp\/v2\/users\/2279"}],"replies":[{"embeddable":true,"href":"https:\/\/www.kaspersky.com.br\/blog\/wp-json\/wp\/v2\/comments?post=10197"}],"version-history":[{"count":2,"href":"https:\/\/www.kaspersky.com.br\/blog\/wp-json\/wp\/v2\/posts\/10197\/revisions"}],"predecessor-version":[{"id":12953,"href":"https:\/\/www.kaspersky.com.br\/blog\/wp-json\/wp\/v2\/posts\/10197\/revisions\/12953"}],"wp:featuredmedia":[{"embeddable":true,"href":"https:\/\/www.kaspersky.com.br\/blog\/wp-json\/wp\/v2\/media\/6615"}],"wp:attachment":[{"href":"https:\/\/www.kaspersky.com.br\/blog\/wp-json\/wp\/v2\/media?parent=10197"}],"wp:term":[{"taxonomy":"category","embeddable":true,"href":"https:\/\/www.kaspersky.com.br\/blog\/wp-json\/wp\/v2\/categories?post=10197"},{"taxonomy":"post_tag","embeddable":true,"href":"https:\/\/www.kaspersky.com.br\/blog\/wp-json\/wp\/v2\/tags?post=10197"}],"curies":[{"name":"wp","href":"https:\/\/api.w.org\/{rel}","templated":true}]}}