{"id":7215,"date":"2017-04-07T01:39:11","date_gmt":"2017-04-06T22:39:11","guid":{"rendered":"https:\/\/www.kaspersky.com.br\/blog\/?p=7215"},"modified":"2017-05-17T22:36:19","modified_gmt":"2017-05-17T19:36:19","slug":"antarctic-biennale","status":"publish","type":"post","link":"https:\/\/www.kaspersky.com.br\/blog\/antarctic-biennale\/7215\/","title":{"rendered":"Bienal Ant\u00e1rtica: ciberseguran\u00e7a encontra ci\u00eancia e arte"},"content":{"rendered":"<p>Falamos no nosso blog em ingl\u00eas sobre a viagem de <a href=\"https:\/\/www.kaspersky.com\/blog\/antarctic-liveblog\/14292\/\" target=\"_blank\" rel=\"noopener nofollow\">Eugene Kaspersky e mais umas cem pessoas para a Ant\u00e1rtica.<\/a> Bem, nem Eugene, nem nenhum de seus companheiros fazem tal viagem regularmente, por isso n\u00e3o \u00e9 estranho pensar que h\u00e1 uma boa raz\u00e3o para essa aventura: estamos patrocinando a <a href=\"https:\/\/www.kaspersky.com\/blog\/antarctic-liveblog\/14292\/\" target=\"_blank\" rel=\"noopener nofollow\">Bienal Ant\u00e1rtica<\/a>.<br>\n<img decoding=\"async\" class=\"aligncenter size-large wp-image-7218\" src=\"https:\/\/media.kasperskydaily.com\/wp-content\/uploads\/sites\/94\/2017\/04\/06135755\/antarctic-biennale-featured-1024x672.jpg\" alt=\"\" width=\"1024\" height=\"672\"><\/p>\n<h3><strong>O que \u00e9 a Bienal Ant\u00e1rtica?\u00a0<\/strong><\/h3>\n<p>A Expedi\u00e7\u00e3o da <a href=\"http:\/\/www.antarcticbiennale.com\/\" target=\"_blank\" rel=\"noopener nofollow\">Bienal Ant\u00e1rtica<\/a> re\u00fane aproximadamente 100 participantes \u2013 artistas, pesquisadores e vision\u00e1rios do mundo inteiro \u2013 para explorar e pensar sobre o futuro cultural da Ant\u00e1rtica como modelo de outros espa\u00e7os compartilhados como o Oceano e o Espa\u00e7o Sideral. Essa empreitada art\u00edstica come\u00e7ou em Ushuaia, a cidade mais ao sul do planeta.<\/p>\n<p>Alexander Pomomarev, artista, fil\u00f3sofo\u00a0e l\u00edder do projeto acredita que a jornada ser\u00e1 uma \u201crevolu\u00e7\u00e3o que mudar\u00e1 o rumo\u201d. A ideia central \u00e9: uma mudan\u00e7a de paradigmas para o campo das artes. Saem os pavilh\u00f5es de galerias tradicionais e entra a inacessibilidade congelada da Ant\u00e1rtica. Abandona-se os apartamentos confort\u00e1veis, entram as cabines do navio. O cen\u00e1rio ant\u00e1rtico e muita interlocu\u00e7\u00e3o com pessoas de forma\u00e7\u00e3o mais t\u00e9cnica tamb\u00e9m foram previstas.<\/p>\n<p>Cada passageiro do navio pode participar de discuss\u00f5es, sess\u00f5es de poesia e workshops de filosofia, bem como come\u00e7ar a projetar o futuro no Clube Vision\u00e1rio da Bienal. No entanto, o mais importante \u00e9 que cada membro da expedi\u00e7\u00e3o ser\u00e1 testemunha ocular e contribuir\u00e1 para o processo art\u00edstico<\/p>\n<h3><strong>Por que estamos\u00a0patrocinando?<\/strong><\/h3>\n<p>A Ant\u00e1rtica n\u00e3o parece ser o local mais relevante do mundo no que diz respeito a ciberseguran\u00e7a. Mas acreditamos que pessoas e decis\u00f5es criativas s\u00e3o as bases na hora de escolher neg\u00f3cios ou projetos que apoiamos.\u00a0A Bienal da Ant\u00e1rtica une as duas coisas. Artistas e cientistas do mundo inteiro se propuseram a realizar as ideias mais desafiadoras, no continente mais remoto da Terra. Os descobrimentos antes giravam em torno da explora\u00e7\u00e3o geogr\u00e1fica, mas a jornada de descobertas da Bienal ser\u00e1 sobre abrir portas para encontros entre culturas e comunica\u00e7\u00f5es, que tem por objetivo influenciar positivamente coopera\u00e7\u00f5es internas. Trabalhos conjuntos desenvolvidos por todos os participantes ir\u00e3o mais uma vez se provar que colabora\u00e7\u00e3o e coexist\u00eancia funcionam melhor que tens\u00e3o \u00e9 desconfian\u00e7a.<\/p>\n<p>Eugene Kaspersky ama tanto arte quanto expedi\u00e7\u00f5es. N\u00e3o \u00e9 surpresa ele estar a bordo desse navio.<\/p>\n<p>Na verdade, al\u00e9m do patroc\u00ednio, contribu\u00edmos para o projeto de forma especial: nossa miss\u00e3o de salvar o mundo inspirou o artista e engenheiro argentino <a href=\"http:\/\/www.joaquinfargas.com\/en\/\" target=\"_blank\" rel=\"noopener nofollow\">Joaqu\u00edn Fargas<\/a> a criar o Glaciator. Ainda, estamos defendendo o mundo de v\u00edrus, mas ele ter\u00e1 por alvo alguns muito, muito antigos. Esse rob\u00f4 salvar\u00e1 o mundo comprimindo neve.<br>\n<img decoding=\"async\" class=\"alignnone size-large\" src=\"https:\/\/media.kasperskydaily.com\/wp-content\/uploads\/sites\/94\/2017\/04\/06135709\/glaciator-1-1.jpg\" width=\"800\" height=\"499\">Isso soa um pouco estranho? Vamos esclarecer. Desde 2003, v\u00edrus <a href=\"https:\/\/www.scientificamerican.com\/article\/melting-glaciers-liberate-ancient-microbes\/\" target=\"_blank\" rel=\"noopener nofollow\">foram encontrados<\/a> em permafrost, uma camada de solo na Ant\u00e1rtica que est\u00e1 permanentemente congelada (por isso o nome, frost significa congelado em ingl\u00eas). O aumento das temperaturas est\u00e1 derretendo o gelo o que pode resultar no reaparecimento de v\u00edrus mortais. E parece que todos os v\u00edrus causadores de infec\u00e7\u00f5es podem descongelar \u00e0 medida que o mundo esquenta \u2013 e, como voc\u00ea deve saber, as temperaturas s\u00f3 est\u00e3o aumentando.<\/p>\n<p>Ent\u00e3o, a Kaspersky est\u00e1 enviando um rob\u00f4 para manter a Terra segura de v\u00edrus \u2013 dessa vez n\u00e3o no ciberespa\u00e7o, mas na Ant\u00e1rtica. O Glaciator comprime neve \u00e0 medida que \u201cpisa\u201d nela. O rob\u00f4 \u00e9 um \u201cfirn-maker\u201d. Firn \u00e9 um est\u00e1gio intermedi\u00e1rio entre neve e gelo. Ele acelera o congelamento. Al\u00e9m disso, por mais que o fato de ser fisicamente desconectada da Internet tornar a Ant\u00e1rtica um dos lugares mais seguros da Terra em termos de ciberseguran\u00e7a, n\u00f3s n\u00e3o correremos esse risco: o Glaciator \u00e9 <a href=\"https:\/\/store.kaspersky.com\/store\/kaspersk\/en_IE\/buy\/productID.320853100\/quantity.1\/Currency.USD?cid=gl_socmed_pro_ona_smm__onl_b2c_kasperskydaily_lnk____kismd___&amp;affiliate=gl_socmed_pro_ona_smm__onl_b2c_kasperskydaily_lnk____kismd___\" target=\"_blank\" rel=\"noopener nofollow\">protegido por nossos softwares de seguran\u00e7a.<\/a><\/p>\n<h3><strong>O que vem a seguir?<\/strong><\/h3>\n<p>A Bienal da Ant\u00e1rtica acabou de come\u00e7ar \u2013 a expedi\u00e7\u00e3o j\u00e1 zarpou e cruzou o C\u00edrculo Ant\u00e1rtico. N\u00e3o \u00e9 f\u00e1cil trabalhar em um navio. Ao chegar na Passagem de Drake, no primeiro dia, alguns dos artistas come\u00e7aram a ficar mareados, por isso o cronograma teve de ser ajustado. Ningu\u00e9m disse que ia ser f\u00e1cil, n\u00e3o \u00e9 mesmo? Mas faz parte da ideia!<\/p>\n<p>O mar est\u00e1 estranhamente calmo, assim temos esperan\u00e7a que a situa\u00e7\u00e3o ir\u00e1 melhorar quando os participantes entrarem em alto-mar. No dia 20 de mar\u00e7o, a expedi\u00e7\u00e3o cruzou o C\u00edrculo Polar Ant\u00e1rtico, deparando-se com neblina, vento e tempo muito \u00famido \u2013 al\u00e9m dos primeiros icebergs. Esse tamb\u00e9m foi o primeiro dia de volta \u00e0 terra firme e os est\u00f4magos perturbados se acalmaram um pouco.<\/p>\n<p>Temos uma longa jornada a frente. O navio ir\u00e1 aportar pr\u00f3ximo a diversas ilhas e a tripula\u00e7\u00e3o colocar\u00e1 os p\u00e9s no continente Ant\u00e1rtico. Depois disso, o navio seguir\u00e1 para o Cabo do Chifre, e apenas a partir da\u00ed retornar\u00e1 para a Argentina. Claro, os participantes tirar\u00e3o muitas fotos, portanto, apesar de algumas restri\u00e7\u00f5es de conectividade, decidimos transmitir ao vivo a expedi\u00e7\u00e3o. Voc\u00ea pode acessar <a href=\"https:\/\/www.kaspersky.com\/blog\/antarctic-liveblog\/14292\/\" target=\"_blank\" rel=\"noopener nofollow\">aqui.<br>\n<\/a><\/p>\n<blockquote class=\"twitter-tweet\" data-width=\"500\" data-dnt=\"true\">\n<p lang=\"en\" dir=\"ltr\">Where in the world is <a href=\"https:\/\/twitter.com\/hashtag\/GreenBear?src=hash&amp;ref_src=twsrc%5Etfw\" target=\"_blank\" rel=\"noopener nofollow\">#GreenBear<\/a> heading? Find out with <a href=\"https:\/\/twitter.com\/e_kaspersky?ref_src=twsrc%5Etfw\" target=\"_blank\" rel=\"noopener nofollow\">@e_kaspersky<\/a> latest <a href=\"https:\/\/twitter.com\/hashtag\/travel?src=hash&amp;ref_src=twsrc%5Etfw\" target=\"_blank\" rel=\"noopener nofollow\">#travel<\/a> log. <a href=\"https:\/\/t.co\/2mHd7w8OCl\" target=\"_blank\" rel=\"noopener nofollow\">https:\/\/t.co\/2mHd7w8OCl<\/a> <a href=\"https:\/\/t.co\/ske5dI5DJY\" target=\"_blank\" rel=\"noopener nofollow\">pic.twitter.com\/ske5dI5DJY<\/a><\/p>\n<p>\u2014 Kaspersky (@kaspersky) <a href=\"https:\/\/twitter.com\/kaspersky\/status\/844262159496482816?ref_src=twsrc%5Etfw\" target=\"_blank\" rel=\"noopener nofollow\">March 21, 2017<\/a><\/p><\/blockquote>\n<p><script async src=\"https:\/\/platform.twitter.com\/widgets.js\" charset=\"utf-8\"><\/script><\/p>\n<p>\u00a0<\/p>\n","protected":false},"excerpt":{"rendered":"<p>O que \u00e9 a Antarctic Biennale, e o que Kaspersky Lab tem a ver com isso?<\/p>\n","protected":false},"author":2046,"featured_media":0,"comment_status":"closed","ping_status":"open","sticky":false,"template":"","format":"standard","meta":{"_acf_changed":false,"footnotes":""},"categories":[45],"tags":[1111,645,1112,178],"class_list":{"0":"post-7215","1":"post","2":"type-post","3":"status-publish","4":"format-standard","6":"category-special-projects","7":"tag-antarctic-biennale","8":"tag-arte","9":"tag-bienal-antartica","10":"tag-eugene-kaspersky"},"hreflang":[{"hreflang":"pt-br","url":"https:\/\/www.kaspersky.com.br\/blog\/antarctic-biennale\/7215\/"},{"hreflang":"en-gb","url":"https:\/\/www.kaspersky.co.uk\/blog\/antarctic-biennale\/8546\/"},{"hreflang":"es-mx","url":"https:\/\/latam.kaspersky.com\/blog\/antarctic-biennale\/9025\/"},{"hreflang":"es","url":"https:\/\/www.kaspersky.es\/blog\/antarctic-biennale\/10239\/"},{"hreflang":"it","url":"https:\/\/www.kaspersky.it\/blog\/antarctic-biennale\/9973\/"},{"hreflang":"ru","url":"https:\/\/www.kaspersky.ru\/blog\/antarctic-biennale\/14389\/"},{"hreflang":"x-default","url":"https:\/\/www.kaspersky.com\/blog\/antarctic-biennale\/14309\/"},{"hreflang":"pl","url":"https:\/\/plblog.kaspersky.com\/antarctic-biennale\/6450\/"},{"hreflang":"de","url":"https:\/\/www.kaspersky.de\/blog\/antarctic-biennale\/9948\/"},{"hreflang":"ja","url":"https:\/\/blog.kaspersky.co.jp\/antarctic-biennale\/14925\/"},{"hreflang":"ru-kz","url":"https:\/\/blog.kaspersky.kz\/antarctic-biennale\/14400\/"},{"hreflang":"en-au","url":"https:\/\/www.kaspersky.com.au\/blog\/antarctic-biennale\/14309\/"},{"hreflang":"en-za","url":"https:\/\/www.kaspersky.co.za\/blog\/antarctic-biennale\/14309\/"}],"acf":[],"banners":"","maintag":{"url":"https:\/\/www.kaspersky.com.br\/blog\/tag\/bienal-antartica\/","name":"Bienal Ant\u00e1rtica"},"_links":{"self":[{"href":"https:\/\/www.kaspersky.com.br\/blog\/wp-json\/wp\/v2\/posts\/7215","targetHints":{"allow":["GET"]}}],"collection":[{"href":"https:\/\/www.kaspersky.com.br\/blog\/wp-json\/wp\/v2\/posts"}],"about":[{"href":"https:\/\/www.kaspersky.com.br\/blog\/wp-json\/wp\/v2\/types\/post"}],"author":[{"embeddable":true,"href":"https:\/\/www.kaspersky.com.br\/blog\/wp-json\/wp\/v2\/users\/2046"}],"replies":[{"embeddable":true,"href":"https:\/\/www.kaspersky.com.br\/blog\/wp-json\/wp\/v2\/comments?post=7215"}],"version-history":[{"count":1,"href":"https:\/\/www.kaspersky.com.br\/blog\/wp-json\/wp\/v2\/posts\/7215\/revisions"}],"predecessor-version":[{"id":7362,"href":"https:\/\/www.kaspersky.com.br\/blog\/wp-json\/wp\/v2\/posts\/7215\/revisions\/7362"}],"wp:attachment":[{"href":"https:\/\/www.kaspersky.com.br\/blog\/wp-json\/wp\/v2\/media?parent=7215"}],"wp:term":[{"taxonomy":"category","embeddable":true,"href":"https:\/\/www.kaspersky.com.br\/blog\/wp-json\/wp\/v2\/categories?post=7215"},{"taxonomy":"post_tag","embeddable":true,"href":"https:\/\/www.kaspersky.com.br\/blog\/wp-json\/wp\/v2\/tags?post=7215"}],"curies":[{"name":"wp","href":"https:\/\/api.w.org\/{rel}","templated":true}]}}